[{"@context":"https:\/\/schema.org\/","@type":"Article","@id":"https:\/\/www.eozen.es\/vnitrni-krasa\/#Article","mainEntityOfPage":"https:\/\/www.eozen.es\/vnitrni-krasa\/","headline":"Vnit\u0159n\u00ed kr\u00e1sa","name":"Vnit\u0159n\u00ed kr\u00e1sa","description":"Na na\u0161i vn\u011bj\u0161\u00ed kr\u00e1su m\u00e1 pom\u011brn\u011b velk\u00fd vliv\u3001jak jsou na tom na\u0161e st\u0159eva\u3001st\u0159evn\u00ed mikrofl\u00f3ra. V na\u0161ich st\u0161evech\u0161ije na800druh\u00fd mikroorganism\u00fd. N\u011bkter\u00e9 z t\u011bchto mikroorganism \u0161 jsou pro n\u00e1s dobr\u00e9,jin\u00e9\u010dpatn\u00e9. Tyto organismy \u017eij\u00ed v rovnov\u00e1ze,kter\u00e1 je v\u0161ak velmi k\u0159ehk\u00e1\u3001m\u016f\u017ee\u5bfacokoli naru\u0161it-\u0161patn\u00e1 strava,kou\u0159en\u00ed,alkohol,u\u017e\u00edv\u00e1n\u00ed n\u011bkter\u00fdch l\u00e9ku apod. Se projevuje nap\u0159\u00edklad nafoukl\u00fdm b\u0159ichem,pocitem plnosti,\u0161patn\u00fdm trven\u00edm,ale\u3044akn\u00f3zn\u00ed plet\u00ed \u010di vagin\u00e1ln\u00edmi myk\u00f3zami. P\u0159i u\u017e\u00edv\u00e1n\u00ed&hellip;","datePublished":"2024-08-10","dateModified":"2024-08-10","author":{"@type":"Person","@id":"https:\/\/www.eozen.es\/author\/#Person","name":"","url":"https:\/\/www.eozen.es\/author\/","identifier":1,"image":{"@type":"ImageObject","@id":"https:\/\/secure.gravatar.com\/avatar\/9650bad63f840fe2951db83904c5d1edf6fafb8283b72071d80cdc2088366373?s=96&d=mm&r=g","url":"https:\/\/secure.gravatar.com\/avatar\/9650bad63f840fe2951db83904c5d1edf6fafb8283b72071d80cdc2088366373?s=96&d=mm&r=g","height":96,"width":96}},"publisher":{"@type":"Organization","name":"eozen.es","logo":{"@type":"ImageObject","@id":"\/logo.png","url":"\/logo.png","width":600,"height":60}},"image":{"@type":"ImageObject","@id":"https:\/\/www.eozen.es\/wp-content\/uploads\/pexels-anna-nekrashevich-6475987.jpg","url":"https:\/\/www.eozen.es\/wp-content\/uploads\/pexels-anna-nekrashevich-6475987.jpg","height":0,"width":0},"url":"https:\/\/www.eozen.es\/vnitrni-krasa\/","about":["Belleza"],"wordCount":415,"articleBody":"Na na\u0161i vn\u011bj\u0161\u00ed kr\u00e1su m\u00e1 pom\u011brn\u011b velk\u00fd vliv\u3001jak jsou na tom na\u0161e st\u0159eva\u3001st\u0159evn\u00ed mikrofl\u00f3ra. V na\u0161ich st\u0161evech\u0161ije na800druh\u00fd mikroorganism\u00fd. N\u011bkter\u00e9 z t\u011bchto mikroorganism \u0161 jsou pro n\u00e1s dobr\u00e9,jin\u00e9\u010dpatn\u00e9. Tyto organismy \u017eij\u00ed v rovnov\u00e1ze,kter\u00e1 je v\u0161ak velmi k\u0159ehk\u00e1\u3001m\u016f\u017ee\u5bfacokoli naru\u0161it-\u0161patn\u00e1 strava,kou\u0159en\u00ed,alkohol,u\u017e\u00edv\u00e1n\u00ed n\u011bkter\u00fdch l\u00e9ku apod. Se projevuje nap\u0159\u00edklad nafoukl\u00fdm b\u0159ichem,pocitem plnosti,\u0161patn\u00fdm trven\u00edm,ale\u3044akn\u00f3zn\u00ed plet\u00ed \u010di vagin\u00e1ln\u00edmi myk\u00f3zami.P\u0159i u\u017e\u00edv\u00e1n\u00ed antibiotik doch\u00e1z\u00ed velmi \u010dasto k naru\u0161en\u00ed mikrobiomu st\u0159ev\u3001t\u011blo ztr\u00e1c\u00ed ty dobr\u00e9 mikroorganismy,kter\u00e9 jsou ke spr\u00e1vn\u00e9mu fungov\u00e1n\u00ed pot\u0159eba. Jsou jimi p\u0159edev\u010d\u00edm probiotika a laktobacily. Ty jsou pot\u010debn\u00e9 pro spr\u00e1vn\u00e9fungov\u00e1n\u00edst\u010deva i tr\u00e1v\u00edho traktu. P\u0159i l\u00e9\u010db\u011b antibiotiky jsou laktobacily a probiotika oslabeny a je pot\u010deba je dopl\u010dovat. V souvislosti s oslaben\u00edm probiotik m\u016f\u017ee doch\u00e1zet k p\u0159emno\u017een\u00ed nap\u0159\u00edklad kvasinek\u3001zejm\u00e9na u \u017een je velmi \u010dast\u00fdm d\u016fsledkem u\u017e\u00edv\u00e1n\u00ed antibiotik vagin\u00e1ln\u00ed myk\u00f3za. Vhodn\u00e9je u\u0159\u00edvat dopleky stravy ve form\u00fd probiotik. U\u017e\u00edv\u00e1n\u00ed probiotik se doporu\u010duje sou\u010dasn\u011b s l\u00e9\u010dbou antibiotiky,ale i po l\u00e9\u010db\u011b,kdy je pot\u0159eba st\u00e1le je\u0161t\u011b probiotika podporovat. Nen\u00ed tedy spr\u00e1vn\u011b s u\u017e\u00edv\u00e1n\u00edm probiotik skon\u010dit sou\u010dasn\u011b s ukon\u010den\u00edm antibiotick\u00e9 l\u00e9\u010dby.           \u79c1\u305f\u3061\u306f\u3042\u306a\u305f\u306e\u305f\u3081\u306b\u4f55\u3092\u3057\u307e\u3059\u304b\uff1f Josou to\u010div\u00e9 organismy,kter\u00e9 maj\u00edp\u0159\u00ednos pro na\u010de zdrav\u00ed. P\u0159ij\u00edm\u00e1me je i v potrav\u011b jako jsou nap\u0159\u00edklad kysan\u00e9 ml\u00e9\u010dn\u00e9 v\u00fdrobky,jogurty \u010di fermentovan\u00e1 zelenina. V potrav\u00fd v\u011bak nejsou obsa\u010deny v tak rozmanit\u00e9m spektru,jako v dopl\u011bc\u00edch stravy. Pro ilustraci nap\u0159\u00edklad v jogurtu naleznete2druhy probiotik a ve velmi mal\u00e9m mno\u0161stv\u00ed.\u73fe\u5728\u306e\u5730\u540d\u306f\u3001\u30c8\u30dc\u30ec\u30af\uff08tobolek\uff09\u3001\u30ab\u30d7\u30b9\u30ea\u30fc\uff08kapsl\u00ed\uff09\u3001\u30d7\u30e9\u30b7\u30e5\u30af\uff08pr\u00e1\u0161ku\uff09\u3001\u30a8\u30fc\u30eb\uff08ale i v tekut\u00e9\uff09\u3067\u3042\u308b\u3002 Probiotika m\u016f\u017eete u\u017e\u00edvat\u3044jako prevenci,posiluj\u00ed imunitu\u3001zaji\u0161\u0165uj\u00ed spr\u00e1vn\u00fd pr\u016fb\u011bh trven\u00ed. Vhodn\u00e9 je u\u010d\u00edvat je r\u00e1no na la\u010dno p\u0159ed sn\u00eddan\u00ed. Nejvhodn\u011bj\u0161\u00ed\u3001nej\u00fa\u010dinn\u011bj\u0161\u00ed se jev\u00ed tekut\u00e1 probiotika,kter\u00e1 jsou schopna tr\u00e1v\u00edc\u00edm traktem proj\u00edt pom\u011brn\u011b rychle,je\u0161t\u011b n\u011b\u017e za\u010dnou tr\u00e1v\u00edc\u00ed processy\u3001\u00fa\u010dinn\u00e9 l\u00e1tky se dost\u00e1vaj\u00ed\u30bf\u30e0\u3001\u30e0\u30ab\u30fc\u30e0maj\u00ed.                                                                                                                                                                                                                                                                                                                                                                                                 4.4\/5 - (11 votes)        "},{"@context":"https:\/\/schema.org\/","@type":"BreadcrumbList","itemListElement":[{"@type":"ListItem","position":1,"name":"Vnit\u0159n\u00ed kr\u00e1sa","item":"https:\/\/www.eozen.es\/vnitrni-krasa\/#breadcrumbitem"}]}]